{"id":83,"count":2,"description":"","link":"https:\/\/alainbriand.com\/site\/tag\/journees-europeennes-des-metiers-dart\/","name":"journ\u00e9es europ\u00e9ennes des m\u00e9tiers d'art","slug":"journees-europeennes-des-metiers-dart","taxonomy":"post_tag","meta":[],"_links":{"self":[{"href":"https:\/\/alainbriand.com\/site\/wp-json\/wp\/v2\/tags\/83","targetHints":{"allow":["GET"]}}],"collection":[{"href":"https:\/\/alainbriand.com\/site\/wp-json\/wp\/v2\/tags"}],"about":[{"href":"https:\/\/alainbriand.com\/site\/wp-json\/wp\/v2\/taxonomies\/post_tag"}],"wp:post_type":[{"href":"https:\/\/alainbriand.com\/site\/wp-json\/wp\/v2\/posts?tags=83"}],"curies":[{"name":"wp","href":"https:\/\/api.w.org\/{rel}","templated":true}]}}