{"id":1766,"date":"2016-10-31T09:33:57","date_gmt":"2016-10-31T09:33:57","guid":{"rendered":"http:\/\/alainbriand.com\/site\/?p=1766"},"modified":"2016-10-31T09:33:57","modified_gmt":"2016-10-31T09:33:57","slug":"prix-touraine-metiers-dart-au-vinci-du-11-au-14-novembre","status":"publish","type":"post","link":"https:\/\/alainbriand.com\/site\/prix-touraine-metiers-dart-au-vinci-du-11-au-14-novembre\/","title":{"rendered":"Prix Touraine M\u00e9tiers d&rsquo;Art au Vinci du 11 au 14 novembre"},"content":{"rendered":"<p>Venez me retrouver sous la casquette\u00a0du Vinci, du vendredi 11 au lundi 14 novembre, parmi les candidats au Prix Touraine M\u00e9tiers d&rsquo;Art 2016. <a title=\"http:\/\/www.artauquotidien.fr\/animations.html\" href=\"http:\/\/www.artauquotidien.fr\/animations.html\">http:\/\/www.artauquotidien.fr\/animations.html<\/a><\/p>\n<p>N&rsquo;h\u00e9sitez pas \u00e0 m&rsquo;appeler pour me pr\u00e9venir de votre visite !<\/p>\n<p><img loading=\"lazy\" decoding=\"async\" class=\"alignleft\" src=\"http:\/\/alainbriand.com\/site\/wp-content\/uploads\/2016\/10\/logoTMA.jpg\" alt=\"logo touraine m\u00e9tiers d'art\" width=\"175\" height=\"181\" \/>Organis\u00e9 lors du salon Art au Quotidien par la Chambre de M\u00e9tiers et de l\u2019Artisanat et le Conseil D\u00e9partemental d&rsquo;Indre-et-Loire, ce prix r\u00e9compensera cette ann\u00e9e un artisan qui se consacre \u00e0 la cr\u00e9ation d&rsquo;objets d&rsquo;art. Entour\u00e9 de talentueux artisans tourangeaux, j&rsquo;y pr\u00e9senterai une oeuvre originale r\u00e9alis\u00e9e en 2016 \u00e0 la demande de clients de Tours, expos\u00e9e \u00e0 Paris en Juin dernier et \u00e0 Angoul\u00eame en janvier prochain. <a href=\"http:\/\/alainbriand.com\/site\/wp-content\/uploads\/2016\/10\/Cartes_visiteurs_SAQ_20161.jpg\"><img loading=\"lazy\" decoding=\"async\" src=\"http:\/\/alainbriand.com\/site\/wp-content\/uploads\/2016\/10\/Cartes_visiteurs_SAQ_20161-1024x721.jpg\" alt=\"Candidats Prix Touraine M\u00e9tiers d'Art 2016\" width=\"640\" height=\"450\" \/><\/a><\/p>\n","protected":false},"excerpt":{"rendered":"<p><!--:fr-->Venez me retrouver au Vinci au salon Art au Quotidien du 11 au 14 novembre 2016.<!--:--><\/p>\n","protected":false},"author":2,"featured_media":0,"comment_status":"open","ping_status":"open","sticky":false,"template":"","format":"standard","meta":{"footnotes":""},"categories":[8,3],"tags":[],"class_list":["post-1766","post","type-post","status-publish","format-standard","hentry","category-actualites","category-expositions"],"_links":{"self":[{"href":"https:\/\/alainbriand.com\/site\/wp-json\/wp\/v2\/posts\/1766","targetHints":{"allow":["GET"]}}],"collection":[{"href":"https:\/\/alainbriand.com\/site\/wp-json\/wp\/v2\/posts"}],"about":[{"href":"https:\/\/alainbriand.com\/site\/wp-json\/wp\/v2\/types\/post"}],"author":[{"embeddable":true,"href":"https:\/\/alainbriand.com\/site\/wp-json\/wp\/v2\/users\/2"}],"replies":[{"embeddable":true,"href":"https:\/\/alainbriand.com\/site\/wp-json\/wp\/v2\/comments?post=1766"}],"version-history":[{"count":10,"href":"https:\/\/alainbriand.com\/site\/wp-json\/wp\/v2\/posts\/1766\/revisions"}],"predecessor-version":[{"id":1779,"href":"https:\/\/alainbriand.com\/site\/wp-json\/wp\/v2\/posts\/1766\/revisions\/1779"}],"wp:attachment":[{"href":"https:\/\/alainbriand.com\/site\/wp-json\/wp\/v2\/media?parent=1766"}],"wp:term":[{"taxonomy":"category","embeddable":true,"href":"https:\/\/alainbriand.com\/site\/wp-json\/wp\/v2\/categories?post=1766"},{"taxonomy":"post_tag","embeddable":true,"href":"https:\/\/alainbriand.com\/site\/wp-json\/wp\/v2\/tags?post=1766"}],"curies":[{"name":"wp","href":"https:\/\/api.w.org\/{rel}","templated":true}]}}