{"id":1747,"date":"2017-03-20T20:55:58","date_gmt":"2017-03-20T20:55:58","guid":{"rendered":"http:\/\/alainbriand.com\/site\/?p=1747"},"modified":"2017-09-23T16:30:13","modified_gmt":"2017-09-23T16:30:13","slug":"journees-europeennes-des-metiers-dart","status":"publish","type":"post","link":"https:\/\/alainbriand.com\/site\/journees-europeennes-des-metiers-dart\/","title":{"rendered":"Journ\u00e9es Europ\u00e9ennes des M\u00e9tiers d&rsquo;Art"},"content":{"rendered":"<p><a href=\"http:\/\/alainbriand.com\/site\/wp-content\/uploads\/2016\/03\/livre-dort-web.jpg\"><img loading=\"lazy\" decoding=\"async\" class=\"alignnone size-large wp-image-1802\" src=\"http:\/\/alainbriand.com\/site\/wp-content\/uploads\/2016\/03\/livre-dort-web-1024x682.jpg\" alt=\"Livre dort Alain Briand\" width=\"640\" height=\"426\" srcset=\"https:\/\/alainbriand.com\/site\/wp-content\/uploads\/2016\/03\/livre-dort-web-1024x682.jpg 1024w, https:\/\/alainbriand.com\/site\/wp-content\/uploads\/2016\/03\/livre-dort-web-300x200.jpg 300w\" sizes=\"auto, (max-width: 640px) 100vw, 640px\" \/><\/a>Cette ann\u00e9e encore, je participe aux <a title=\"Alain Briand aux Journ\u00e9es Europ\u00e9ennes des M\u00e9tiers d'Art\" href=\"http:\/\/www.journeesdesmetiersdart.fr\/atelier\/atelier-de-reliure\" target=\"_blank\" rel=\"noopener\">Journ\u00e9es Europ\u00e9ennes des M\u00e9tiers d&rsquo;Art<\/a>, pour promouvoir la reliure dans tout ce qu&rsquo;elle a d&rsquo;\u00e0 la fois traditionnel et innovant. Associ\u00e9 \u00e0 13 autres artisans de l&rsquo;univers de la restauration, je pr\u00e9senterai les techniques de reliure classiques et modernes ainsi que mes livres-objets, expression personnelle de l&rsquo;\u00e9volution artistique et humoristique de la reliure. Venez me retrouver au Foyer des Jeunes Travailleurs, 15-17 rue Bernard Palissy \u00e0 Tours, samedi 1er\u00a0avril de 10h \u00e0 19h et dimanche 2\u00a0avril de 10h \u00e0 19h.<\/p>\n","protected":false},"excerpt":{"rendered":"<p>Cette ann\u00e9e encore, je participe aux Journ\u00e9es Europ\u00e9ennes des M\u00e9tiers d&rsquo;Art, pour promouvoir la reliure dans tout ce qu&rsquo;elle a d&rsquo;\u00e0 la fois traditionnel et&hellip; <\/p>\n","protected":false},"author":2,"featured_media":1836,"comment_status":"open","ping_status":"open","sticky":false,"template":"","format":"standard","meta":{"footnotes":""},"categories":[8,3],"tags":[24,172,83,68,26,173,74],"class_list":["post-1747","post","type-post","status-publish","format-standard","has-post-thumbnail","hentry","category-actualites","category-expositions","tag-exposition","tag-jema","tag-journees-europeennes-des-metiers-dart","tag-livre-dor","tag-livre-objet","tag-metiers-dart","tag-tours"],"_links":{"self":[{"href":"https:\/\/alainbriand.com\/site\/wp-json\/wp\/v2\/posts\/1747","targetHints":{"allow":["GET"]}}],"collection":[{"href":"https:\/\/alainbriand.com\/site\/wp-json\/wp\/v2\/posts"}],"about":[{"href":"https:\/\/alainbriand.com\/site\/wp-json\/wp\/v2\/types\/post"}],"author":[{"embeddable":true,"href":"https:\/\/alainbriand.com\/site\/wp-json\/wp\/v2\/users\/2"}],"replies":[{"embeddable":true,"href":"https:\/\/alainbriand.com\/site\/wp-json\/wp\/v2\/comments?post=1747"}],"version-history":[{"count":6,"href":"https:\/\/alainbriand.com\/site\/wp-json\/wp\/v2\/posts\/1747\/revisions"}],"predecessor-version":[{"id":1873,"href":"https:\/\/alainbriand.com\/site\/wp-json\/wp\/v2\/posts\/1747\/revisions\/1873"}],"wp:featuredmedia":[{"embeddable":true,"href":"https:\/\/alainbriand.com\/site\/wp-json\/wp\/v2\/media\/1836"}],"wp:attachment":[{"href":"https:\/\/alainbriand.com\/site\/wp-json\/wp\/v2\/media?parent=1747"}],"wp:term":[{"taxonomy":"category","embeddable":true,"href":"https:\/\/alainbriand.com\/site\/wp-json\/wp\/v2\/categories?post=1747"},{"taxonomy":"post_tag","embeddable":true,"href":"https:\/\/alainbriand.com\/site\/wp-json\/wp\/v2\/tags?post=1747"}],"curies":[{"name":"wp","href":"https:\/\/api.w.org\/{rel}","templated":true}]}}